{"id":1149,"date":"2020-03-01T22:00:00","date_gmt":"2020-03-01T21:00:00","guid":{"rendered":"http:\/\/sc-buntenbock.de\/?p=1149"},"modified":"2020-05-04T13:00:43","modified_gmt":"2020-05-04T11:00:43","slug":"3-dsv-e-infra-schuelercup-2020","status":"publish","type":"post","link":"https:\/\/sc-buntenbock.de\/?p=1149","title":{"rendered":"3. DSV E.INFRA Sch\u00fclercup 2020"},"content":{"rendered":"\n<p style=\"color:#f10509\" class=\"has-text-color has-medium-font-size\"><strong>Leider lassen die Schneeverh\u00e4ltnisse und die Wetteraussichten eine Durchf\u00fchrung im Harz nicht zu. Der Deutsche Skiverband wird einen alternativen Veranstalter suchen und in K\u00fcrze bekanntgeben.<\/strong><\/p>\n\n\n\n<p class=\"has-text-color has-background has-medium-font-size has-very-dark-gray-color has-pale-pink-background-color\"><strong>Leider muss das Finale auf Grund der Corona-Krise komplett abgesagt werden.<\/strong><\/p>\n\n\n\n<p class=\"has-medium-font-size\">Vom Freitag, den 13.03.2020 bis zum 15.03.2020 richtet der SC Buntenbock das Finale des DSV E.INFRA Sch\u00fclercups aus.<br>Wettkampfort wird das <a aria-label=\" (\u00f6ffnet in neuem Tab)\" href=\"https:\/\/nsv.mk-sc.de\/?page_id=444\" target=\"_blank\" rel=\"noreferrer noopener\">Landesleistungszentrum &#8222;Richard-Schule-Arena&#8220; Sonnenberg<\/a> sein.<\/p>\n\n\n\n<div class=\"wp-block-file\"><a href=\"http:\/\/sc-buntenbock.de\/wp-content\/uploads\/2020\/02\/Ausschreibung_Langlauf_Buntenbock_2020.pdf\" target=\"_blank\" rel=\"noreferrer noopener\">Ausschreibung_Langlauf_Buntenbock_2020<\/a><a href=\"http:\/\/sc-buntenbock.de\/wp-content\/uploads\/2020\/02\/Ausschreibung_Langlauf_Buntenbock_2020.pdf\" class=\"wp-block-file__button\" download>Herunterladen<\/a><\/div>\n\n\n\n<iframe loading=\"lazy\" width=\"640\" height=\"480\" src=\"https:\/\/www.google.com\/maps\/d\/embed?mid=1Uju0l53cBDSxnwE6MOJsN-9bWpwoN6ub\"><\/iframe>\n","protected":false},"excerpt":{"rendered":"<p>Leider lassen die Schneeverh\u00e4ltnisse und die Wetteraussichten eine Durchf\u00fchrung im Harz nicht zu. Der Deutsche Skiverband wird einen alternativen Veranstalter suchen und in K\u00fcrze bekanntgeben. Leider muss das Finale auf Grund der Corona-Krise komplett abgesagt werden. Vom Freitag, den 13.03.2020 bis zum 15.03.2020 richtet der SC Buntenbock das Finale des DSV E.INFRA Sch\u00fclercups aus.Wettkampfort wird [&hellip;]<\/p>\n","protected":false},"author":12,"featured_media":1258,"comment_status":"open","ping_status":"open","sticky":false,"template":"","format":"standard","meta":{"footnotes":""},"categories":[1],"tags":[],"class_list":["post-1149","post","type-post","status-publish","format-standard","has-post-thumbnail","hentry","category-allgemein"],"_links":{"self":[{"href":"https:\/\/sc-buntenbock.de\/index.php?rest_route=\/wp\/v2\/posts\/1149","targetHints":{"allow":["GET"]}}],"collection":[{"href":"https:\/\/sc-buntenbock.de\/index.php?rest_route=\/wp\/v2\/posts"}],"about":[{"href":"https:\/\/sc-buntenbock.de\/index.php?rest_route=\/wp\/v2\/types\/post"}],"author":[{"embeddable":true,"href":"https:\/\/sc-buntenbock.de\/index.php?rest_route=\/wp\/v2\/users\/12"}],"replies":[{"embeddable":true,"href":"https:\/\/sc-buntenbock.de\/index.php?rest_route=%2Fwp%2Fv2%2Fcomments&post=1149"}],"version-history":[{"count":8,"href":"https:\/\/sc-buntenbock.de\/index.php?rest_route=\/wp\/v2\/posts\/1149\/revisions"}],"predecessor-version":[{"id":1272,"href":"https:\/\/sc-buntenbock.de\/index.php?rest_route=\/wp\/v2\/posts\/1149\/revisions\/1272"}],"wp:featuredmedia":[{"embeddable":true,"href":"https:\/\/sc-buntenbock.de\/index.php?rest_route=\/wp\/v2\/media\/1258"}],"wp:attachment":[{"href":"https:\/\/sc-buntenbock.de\/index.php?rest_route=%2Fwp%2Fv2%2Fmedia&parent=1149"}],"wp:term":[{"taxonomy":"category","embeddable":true,"href":"https:\/\/sc-buntenbock.de\/index.php?rest_route=%2Fwp%2Fv2%2Fcategories&post=1149"},{"taxonomy":"post_tag","embeddable":true,"href":"https:\/\/sc-buntenbock.de\/index.php?rest_route=%2Fwp%2Fv2%2Ftags&post=1149"}],"curies":[{"name":"wp","href":"https:\/\/api.w.org\/{rel}","templated":true}]}}